{"id":2016,"date":"2025-07-30T11:05:26","date_gmt":"2025-07-30T09:05:26","guid":{"rendered":"https:\/\/www.vetzentrum-koeln.de\/lameness-or-paralysis-in-dogs\/"},"modified":"2025-07-30T11:05:26","modified_gmt":"2025-07-30T09:05:26","slug":"lameness-or-paralysis-in-dogs","status":"publish","type":"post","link":"https:\/\/www.vetzentrum-koeln.de\/en\/lameness-or-paralysis-in-dogs\/","title":{"rendered":"Lameness or Paralysis in Dogs"},"content":{"rendered":"","protected":false},"excerpt":{"rendered":"<p>Movement Restriction in Dogs: When to See a Veterinarian?<\/p>\n","protected":false},"author":2,"featured_media":2017,"comment_status":"closed","ping_status":"open","sticky":false,"template":"","format":"standard","meta":{"inline_featured_image":false,"footnotes":""},"categories":[1],"tags":[36,37,39,38],"class_list":["post-2016","post","type-post","status-publish","format-standard","has-post-thumbnail","hentry","category-unkategorisiert","tag-back-problems","tag-dog","tag-herniated-disc","tag-limping"],"yoast_head":"<!-- This site is optimized with the Yoast SEO plugin v27.4 - https:\/\/yoast.com\/product\/yoast-seo-wordpress\/ -->\n<title>Lameness or Paralysis in Dogs - Vet Zentrum K\u00f6ln<\/title>\n<meta name=\"description\" content=\"Back Problems in Dogs \u2013 Herniated Disc: Recognizing Symptoms, Proper Treatment, and Targeted Help for Your Dog.\" \/>\n<meta name=\"robots\" content=\"index, follow, max-snippet:-1, max-image-preview:large, max-video-preview:-1\" \/>\n<link rel=\"canonical\" href=\"https:\/\/www.vetzentrum-koeln.de\/en\/lameness-or-paralysis-in-dogs\/\" \/>\n<meta property=\"og:locale\" content=\"en_US\" \/>\n<meta property=\"og:type\" content=\"article\" \/>\n<meta property=\"og:title\" content=\"Lameness or Paralysis in Dogs - Vet Zentrum K\u00f6ln\" \/>\n<meta property=\"og:description\" content=\"Back Problems in Dogs \u2013 Herniated Disc: Recognizing Symptoms, Proper Treatment, and Targeted Help for Your Dog.\" \/>\n<meta property=\"og:url\" content=\"https:\/\/www.vetzentrum-koeln.de\/en\/lameness-or-paralysis-in-dogs\/\" \/>\n<meta property=\"og:site_name\" content=\"Vet Zentrum K\u00f6ln\" \/>\n<meta property=\"article:publisher\" content=\"https:\/\/www.facebook.com\/pages\/VetZentrumInKln\/374677943082118\/#\" \/>\n<meta property=\"article:published_time\" content=\"2025-07-30T09:05:26+00:00\" \/>\n<meta property=\"og:image\" content=\"https:\/\/www.vetzentrum-koeln.de\/wp-content\/uploads\/2022\/10\/AD109187-scaled.jpg\" \/>\n\t<meta property=\"og:image:width\" content=\"2560\" \/>\n\t<meta property=\"og:image:height\" content=\"1707\" \/>\n\t<meta property=\"og:image:type\" content=\"image\/jpeg\" \/>\n<meta name=\"author\" content=\"Mark Dickomeit\" \/>\n<meta name=\"twitter:card\" content=\"summary_large_image\" \/>\n<meta name=\"twitter:label1\" content=\"Written by\" \/>\n\t<meta name=\"twitter:data1\" content=\"Mark Dickomeit\" \/>\n<script type=\"application\/ld+json\" class=\"yoast-schema-graph\">{\"@context\":\"https:\\\/\\\/schema.org\",\"@graph\":[{\"@type\":\"Article\",\"@id\":\"https:\\\/\\\/www.vetzentrum-koeln.de\\\/en\\\/lameness-or-paralysis-in-dogs\\\/#article\",\"isPartOf\":{\"@id\":\"https:\\\/\\\/www.vetzentrum-koeln.de\\\/en\\\/lameness-or-paralysis-in-dogs\\\/\"},\"author\":{\"name\":\"Mark Dickomeit\",\"@id\":\"https:\\\/\\\/www.vetzentrum-koeln.de\\\/en\\\/#\\\/schema\\\/person\\\/708e1b0ab24815a2758bbdd1cb713412\"},\"headline\":\"Lameness or Paralysis in Dogs\",\"datePublished\":\"2025-07-30T09:05:26+00:00\",\"mainEntityOfPage\":{\"@id\":\"https:\\\/\\\/www.vetzentrum-koeln.de\\\/en\\\/lameness-or-paralysis-in-dogs\\\/\"},\"wordCount\":5,\"publisher\":{\"@id\":\"https:\\\/\\\/www.vetzentrum-koeln.de\\\/en\\\/#organization\"},\"image\":{\"@id\":\"https:\\\/\\\/www.vetzentrum-koeln.de\\\/en\\\/lameness-or-paralysis-in-dogs\\\/#primaryimage\"},\"thumbnailUrl\":\"https:\\\/\\\/www.vetzentrum-koeln.de\\\/wp-content\\\/uploads\\\/2022\\\/10\\\/AD109187-scaled.jpg\",\"keywords\":[\"Back problems\",\"Dog\",\"Herniated disc\",\"Limping\"],\"articleSection\":[\"Unkategorisiert\"],\"inLanguage\":\"en-US\"},{\"@type\":\"WebPage\",\"@id\":\"https:\\\/\\\/www.vetzentrum-koeln.de\\\/en\\\/lameness-or-paralysis-in-dogs\\\/\",\"url\":\"https:\\\/\\\/www.vetzentrum-koeln.de\\\/en\\\/lameness-or-paralysis-in-dogs\\\/\",\"name\":\"Lameness or Paralysis in Dogs - Vet Zentrum K\u00f6ln\",\"isPartOf\":{\"@id\":\"https:\\\/\\\/www.vetzentrum-koeln.de\\\/en\\\/#website\"},\"primaryImageOfPage\":{\"@id\":\"https:\\\/\\\/www.vetzentrum-koeln.de\\\/en\\\/lameness-or-paralysis-in-dogs\\\/#primaryimage\"},\"image\":{\"@id\":\"https:\\\/\\\/www.vetzentrum-koeln.de\\\/en\\\/lameness-or-paralysis-in-dogs\\\/#primaryimage\"},\"thumbnailUrl\":\"https:\\\/\\\/www.vetzentrum-koeln.de\\\/wp-content\\\/uploads\\\/2022\\\/10\\\/AD109187-scaled.jpg\",\"datePublished\":\"2025-07-30T09:05:26+00:00\",\"description\":\"Back Problems in Dogs \u2013 Herniated Disc: Recognizing Symptoms, Proper Treatment, and Targeted Help for Your Dog.\",\"breadcrumb\":{\"@id\":\"https:\\\/\\\/www.vetzentrum-koeln.de\\\/en\\\/lameness-or-paralysis-in-dogs\\\/#breadcrumb\"},\"inLanguage\":\"en-US\",\"potentialAction\":[{\"@type\":\"ReadAction\",\"target\":[\"https:\\\/\\\/www.vetzentrum-koeln.de\\\/en\\\/lameness-or-paralysis-in-dogs\\\/\"]}]},{\"@type\":\"ImageObject\",\"inLanguage\":\"en-US\",\"@id\":\"https:\\\/\\\/www.vetzentrum-koeln.de\\\/en\\\/lameness-or-paralysis-in-dogs\\\/#primaryimage\",\"url\":\"https:\\\/\\\/www.vetzentrum-koeln.de\\\/wp-content\\\/uploads\\\/2022\\\/10\\\/AD109187-scaled.jpg\",\"contentUrl\":\"https:\\\/\\\/www.vetzentrum-koeln.de\\\/wp-content\\\/uploads\\\/2022\\\/10\\\/AD109187-scaled.jpg\",\"width\":2560,\"height\":1707,\"caption\":\"Image of a veterinarian during treatment\"},{\"@type\":\"BreadcrumbList\",\"@id\":\"https:\\\/\\\/www.vetzentrum-koeln.de\\\/en\\\/lameness-or-paralysis-in-dogs\\\/#breadcrumb\",\"itemListElement\":[{\"@type\":\"ListItem\",\"position\":1,\"name\":\"Startseite\",\"item\":\"https:\\\/\\\/www.vetzentrum-koeln.de\\\/en\\\/\"},{\"@type\":\"ListItem\",\"position\":2,\"name\":\"Lameness or Paralysis in Dogs\"}]},{\"@type\":\"WebSite\",\"@id\":\"https:\\\/\\\/www.vetzentrum-koeln.de\\\/en\\\/#website\",\"url\":\"https:\\\/\\\/www.vetzentrum-koeln.de\\\/en\\\/\",\"name\":\"Vetzentrum K\u00f6ln\",\"description\":\"Tier\u00e4rztliche Klinik f\u00fcr Kleintiere - 24 Stunden Notdienst\",\"publisher\":{\"@id\":\"https:\\\/\\\/www.vetzentrum-koeln.de\\\/en\\\/#organization\"},\"potentialAction\":[{\"@type\":\"SearchAction\",\"target\":{\"@type\":\"EntryPoint\",\"urlTemplate\":\"https:\\\/\\\/www.vetzentrum-koeln.de\\\/en\\\/?s={search_term_string}\"},\"query-input\":{\"@type\":\"PropertyValueSpecification\",\"valueRequired\":true,\"valueName\":\"search_term_string\"}}],\"inLanguage\":\"en-US\"},{\"@type\":\"Organization\",\"@id\":\"https:\\\/\\\/www.vetzentrum-koeln.de\\\/en\\\/#organization\",\"name\":\"Vetzentrum K\u00f6ln\",\"url\":\"https:\\\/\\\/www.vetzentrum-koeln.de\\\/en\\\/\",\"logo\":{\"@type\":\"ImageObject\",\"inLanguage\":\"en-US\",\"@id\":\"https:\\\/\\\/www.vetzentrum-koeln.de\\\/en\\\/#\\\/schema\\\/logo\\\/image\\\/\",\"url\":\"https:\\\/\\\/www.vetzentrum-koeln.de\\\/wp-content\\\/uploads\\\/2022\\\/01\\\/Logo_verdana_22.svg\",\"contentUrl\":\"https:\\\/\\\/www.vetzentrum-koeln.de\\\/wp-content\\\/uploads\\\/2022\\\/01\\\/Logo_verdana_22.svg\",\"width\":\"1024\",\"height\":\"1024\",\"caption\":\"Vetzentrum K\u00f6ln\"},\"image\":{\"@id\":\"https:\\\/\\\/www.vetzentrum-koeln.de\\\/en\\\/#\\\/schema\\\/logo\\\/image\\\/\"},\"sameAs\":[\"https:\\\/\\\/www.facebook.com\\\/pages\\\/VetZentrumInKln\\\/374677943082118\\\/#\"]},{\"@type\":\"Person\",\"@id\":\"https:\\\/\\\/www.vetzentrum-koeln.de\\\/en\\\/#\\\/schema\\\/person\\\/708e1b0ab24815a2758bbdd1cb713412\",\"name\":\"Mark Dickomeit\",\"url\":\"https:\\\/\\\/www.vetzentrum-koeln.de\\\/en\\\/author\\\/dickomeit\\\/\"}]}<\/script>\n<!-- \/ Yoast SEO plugin. -->","yoast_head_json":{"title":"Lameness or Paralysis in Dogs - Vet Zentrum K\u00f6ln","description":"Back Problems in Dogs \u2013 Herniated Disc: Recognizing Symptoms, Proper Treatment, and Targeted Help for Your Dog.","robots":{"index":"index","follow":"follow","max-snippet":"max-snippet:-1","max-image-preview":"max-image-preview:large","max-video-preview":"max-video-preview:-1"},"canonical":"https:\/\/www.vetzentrum-koeln.de\/en\/lameness-or-paralysis-in-dogs\/","og_locale":"en_US","og_type":"article","og_title":"Lameness or Paralysis in Dogs - Vet Zentrum K\u00f6ln","og_description":"Back Problems in Dogs \u2013 Herniated Disc: Recognizing Symptoms, Proper Treatment, and Targeted Help for Your Dog.","og_url":"https:\/\/www.vetzentrum-koeln.de\/en\/lameness-or-paralysis-in-dogs\/","og_site_name":"Vet Zentrum K\u00f6ln","article_publisher":"https:\/\/www.facebook.com\/pages\/VetZentrumInKln\/374677943082118\/#","article_published_time":"2025-07-30T09:05:26+00:00","og_image":[{"width":2560,"height":1707,"url":"https:\/\/www.vetzentrum-koeln.de\/wp-content\/uploads\/2022\/10\/AD109187-scaled.jpg","type":"image\/jpeg"}],"author":"Mark Dickomeit","twitter_card":"summary_large_image","twitter_misc":{"Written by":"Mark Dickomeit"},"schema":{"@context":"https:\/\/schema.org","@graph":[{"@type":"Article","@id":"https:\/\/www.vetzentrum-koeln.de\/en\/lameness-or-paralysis-in-dogs\/#article","isPartOf":{"@id":"https:\/\/www.vetzentrum-koeln.de\/en\/lameness-or-paralysis-in-dogs\/"},"author":{"name":"Mark Dickomeit","@id":"https:\/\/www.vetzentrum-koeln.de\/en\/#\/schema\/person\/708e1b0ab24815a2758bbdd1cb713412"},"headline":"Lameness or Paralysis in Dogs","datePublished":"2025-07-30T09:05:26+00:00","mainEntityOfPage":{"@id":"https:\/\/www.vetzentrum-koeln.de\/en\/lameness-or-paralysis-in-dogs\/"},"wordCount":5,"publisher":{"@id":"https:\/\/www.vetzentrum-koeln.de\/en\/#organization"},"image":{"@id":"https:\/\/www.vetzentrum-koeln.de\/en\/lameness-or-paralysis-in-dogs\/#primaryimage"},"thumbnailUrl":"https:\/\/www.vetzentrum-koeln.de\/wp-content\/uploads\/2022\/10\/AD109187-scaled.jpg","keywords":["Back problems","Dog","Herniated disc","Limping"],"articleSection":["Unkategorisiert"],"inLanguage":"en-US"},{"@type":"WebPage","@id":"https:\/\/www.vetzentrum-koeln.de\/en\/lameness-or-paralysis-in-dogs\/","url":"https:\/\/www.vetzentrum-koeln.de\/en\/lameness-or-paralysis-in-dogs\/","name":"Lameness or Paralysis in Dogs - Vet Zentrum K\u00f6ln","isPartOf":{"@id":"https:\/\/www.vetzentrum-koeln.de\/en\/#website"},"primaryImageOfPage":{"@id":"https:\/\/www.vetzentrum-koeln.de\/en\/lameness-or-paralysis-in-dogs\/#primaryimage"},"image":{"@id":"https:\/\/www.vetzentrum-koeln.de\/en\/lameness-or-paralysis-in-dogs\/#primaryimage"},"thumbnailUrl":"https:\/\/www.vetzentrum-koeln.de\/wp-content\/uploads\/2022\/10\/AD109187-scaled.jpg","datePublished":"2025-07-30T09:05:26+00:00","description":"Back Problems in Dogs \u2013 Herniated Disc: Recognizing Symptoms, Proper Treatment, and Targeted Help for Your Dog.","breadcrumb":{"@id":"https:\/\/www.vetzentrum-koeln.de\/en\/lameness-or-paralysis-in-dogs\/#breadcrumb"},"inLanguage":"en-US","potentialAction":[{"@type":"ReadAction","target":["https:\/\/www.vetzentrum-koeln.de\/en\/lameness-or-paralysis-in-dogs\/"]}]},{"@type":"ImageObject","inLanguage":"en-US","@id":"https:\/\/www.vetzentrum-koeln.de\/en\/lameness-or-paralysis-in-dogs\/#primaryimage","url":"https:\/\/www.vetzentrum-koeln.de\/wp-content\/uploads\/2022\/10\/AD109187-scaled.jpg","contentUrl":"https:\/\/www.vetzentrum-koeln.de\/wp-content\/uploads\/2022\/10\/AD109187-scaled.jpg","width":2560,"height":1707,"caption":"Image of a veterinarian during treatment"},{"@type":"BreadcrumbList","@id":"https:\/\/www.vetzentrum-koeln.de\/en\/lameness-or-paralysis-in-dogs\/#breadcrumb","itemListElement":[{"@type":"ListItem","position":1,"name":"Startseite","item":"https:\/\/www.vetzentrum-koeln.de\/en\/"},{"@type":"ListItem","position":2,"name":"Lameness or Paralysis in Dogs"}]},{"@type":"WebSite","@id":"https:\/\/www.vetzentrum-koeln.de\/en\/#website","url":"https:\/\/www.vetzentrum-koeln.de\/en\/","name":"Vetzentrum K\u00f6ln","description":"Tier\u00e4rztliche Klinik f\u00fcr Kleintiere - 24 Stunden Notdienst","publisher":{"@id":"https:\/\/www.vetzentrum-koeln.de\/en\/#organization"},"potentialAction":[{"@type":"SearchAction","target":{"@type":"EntryPoint","urlTemplate":"https:\/\/www.vetzentrum-koeln.de\/en\/?s={search_term_string}"},"query-input":{"@type":"PropertyValueSpecification","valueRequired":true,"valueName":"search_term_string"}}],"inLanguage":"en-US"},{"@type":"Organization","@id":"https:\/\/www.vetzentrum-koeln.de\/en\/#organization","name":"Vetzentrum K\u00f6ln","url":"https:\/\/www.vetzentrum-koeln.de\/en\/","logo":{"@type":"ImageObject","inLanguage":"en-US","@id":"https:\/\/www.vetzentrum-koeln.de\/en\/#\/schema\/logo\/image\/","url":"https:\/\/www.vetzentrum-koeln.de\/wp-content\/uploads\/2022\/01\/Logo_verdana_22.svg","contentUrl":"https:\/\/www.vetzentrum-koeln.de\/wp-content\/uploads\/2022\/01\/Logo_verdana_22.svg","width":"1024","height":"1024","caption":"Vetzentrum K\u00f6ln"},"image":{"@id":"https:\/\/www.vetzentrum-koeln.de\/en\/#\/schema\/logo\/image\/"},"sameAs":["https:\/\/www.facebook.com\/pages\/VetZentrumInKln\/374677943082118\/#"]},{"@type":"Person","@id":"https:\/\/www.vetzentrum-koeln.de\/en\/#\/schema\/person\/708e1b0ab24815a2758bbdd1cb713412","name":"Mark Dickomeit","url":"https:\/\/www.vetzentrum-koeln.de\/en\/author\/dickomeit\/"}]}},"_links":{"self":[{"href":"https:\/\/www.vetzentrum-koeln.de\/en\/wp-json\/wp\/v2\/posts\/2016","targetHints":{"allow":["GET"]}}],"collection":[{"href":"https:\/\/www.vetzentrum-koeln.de\/en\/wp-json\/wp\/v2\/posts"}],"about":[{"href":"https:\/\/www.vetzentrum-koeln.de\/en\/wp-json\/wp\/v2\/types\/post"}],"author":[{"embeddable":true,"href":"https:\/\/www.vetzentrum-koeln.de\/en\/wp-json\/wp\/v2\/users\/2"}],"replies":[{"embeddable":true,"href":"https:\/\/www.vetzentrum-koeln.de\/en\/wp-json\/wp\/v2\/comments?post=2016"}],"version-history":[{"count":0,"href":"https:\/\/www.vetzentrum-koeln.de\/en\/wp-json\/wp\/v2\/posts\/2016\/revisions"}],"wp:featuredmedia":[{"embeddable":true,"href":"https:\/\/www.vetzentrum-koeln.de\/en\/wp-json\/wp\/v2\/media\/2017"}],"wp:attachment":[{"href":"https:\/\/www.vetzentrum-koeln.de\/en\/wp-json\/wp\/v2\/media?parent=2016"}],"wp:term":[{"taxonomy":"category","embeddable":true,"href":"https:\/\/www.vetzentrum-koeln.de\/en\/wp-json\/wp\/v2\/categories?post=2016"},{"taxonomy":"post_tag","embeddable":true,"href":"https:\/\/www.vetzentrum-koeln.de\/en\/wp-json\/wp\/v2\/tags?post=2016"}],"curies":[{"name":"wp","href":"https:\/\/api.w.org\/{rel}","templated":true}]}}